[{"@context":"https:\/\/schema.org\/","@type":"Article","@id":"https:\/\/www.flopi.cz\/stehovani-na-jare-je-vyhodnejsi\/#Article","mainEntityOfPage":"https:\/\/www.flopi.cz\/stehovani-na-jare-je-vyhodnejsi\/","headline":"St\u011bhov\u00e1n\u00ed na ja\u0159e je v\u00fdhodn\u011bj\u0161\u00ed","name":"St\u011bhov\u00e1n\u00ed na ja\u0159e je v\u00fdhodn\u011bj\u0161\u00ed","description":"S p\u0159\u00edchodem jara se probouz\u00ed k \u017eivotu i p\u0159\u00edroda a v\u0161e kolem n\u00e1s se zd\u00e1 kr\u00e1sn\u011bj\u0161\u00ed a zaj\u00edmav\u011bj\u0161\u00ed. Tato jedine\u010dn\u00e1 atmosf\u00e9ra p\u0159isp\u00edv\u00e1 i k pozitivn\u011bj\u0161\u00edmu pohledu na sv\u011bt, co\u017e m\u016f\u017ee m\u00edt sv\u016fj p\u0159\u00edzniv\u00fd vliv i na pr\u016fb\u011bh st\u011bhov\u00e1n\u00ed. Kone\u010dn\u011b m\u016f\u017eeme odlo\u017eit tepl\u00e9 oble\u010den\u00ed a pohybovat se venku s men\u0161\u00ed z\u00e1t\u011b\u017e\u00ed, z\u00e1rove\u0148 je del\u0161\u00ed slune\u010dn\u00ed svit [&hellip;]","datePublished":"2023-07-15","dateModified":"2023-07-15","author":{"@type":"Person","@id":"https:\/\/www.flopi.cz\/author\/#Person","name":"","url":"https:\/\/www.flopi.cz\/author\/","identifier":1,"image":{"@type":"ImageObject","@id":"https:\/\/secure.gravatar.com\/avatar\/ac70c9e5ac34d1687bd81eed3e0a5127e2920111fdfe832b53d740bc4b86c4fd?s=96&d=mm&r=g","url":"https:\/\/secure.gravatar.com\/avatar\/ac70c9e5ac34d1687bd81eed3e0a5127e2920111fdfe832b53d740bc4b86c4fd?s=96&d=mm&r=g","height":96,"width":96}},"publisher":{"@type":"Organization","name":"flopi.cz","logo":{"@type":"ImageObject","@id":"\/logo.png","url":"\/logo.png","width":600,"height":60}},"image":{"@type":"ImageObject","@id":"https:\/\/www.flopi.cz\/wp-content\/uploads\/nursery-1078923_640_2.jpg","url":"https:\/\/www.flopi.cz\/wp-content\/uploads\/nursery-1078923_640_2.jpg","height":0,"width":0},"url":"https:\/\/www.flopi.cz\/stehovani-na-jare-je-vyhodnejsi\/","about":["Podnik\u00e1n\u00ed"],"wordCount":469,"articleBody":"         S p\u0159\u00edchodem jara se probouz\u00ed k \u017eivotu i p\u0159\u00edroda a v\u0161e kolem n\u00e1s se zd\u00e1 kr\u00e1sn\u011bj\u0161\u00ed a zaj\u00edmav\u011bj\u0161\u00ed. Tato jedine\u010dn\u00e1 atmosf\u00e9ra p\u0159isp\u00edv\u00e1 i k pozitivn\u011bj\u0161\u00edmu pohledu na sv\u011bt, co\u017e m\u016f\u017ee m\u00edt sv\u016fj p\u0159\u00edzniv\u00fd vliv i na pr\u016fb\u011bh st\u011bhov\u00e1n\u00ed. Kone\u010dn\u011b m\u016f\u017eeme odlo\u017eit tepl\u00e9 oble\u010den\u00ed a pohybovat se venku s men\u0161\u00ed z\u00e1t\u011b\u017e\u00ed, z\u00e1rove\u0148 je del\u0161\u00ed slune\u010dn\u00ed svit a za slune\u010dn\u00e9ho dne jsou okoln\u00ed p\u0159\u00edroda a kvetouc\u00ed rostliny stimulem k \u010dast\u011bj\u0161\u00edm proch\u00e1zk\u00e1m v parc\u00edch nebo v lese. Objedn\u00e1vka levn\u00e9ho st\u011bhov\u00e1n\u00ed v Praze m\u016f\u017ee v t\u00e9to dob\u011b p\u0159in\u00e9st \u0159adu v\u00fdhod v\u016f\u010di jin\u00fdm ro\u010dn\u00edm obdob\u00edm, poj\u010fme si je tu p\u0159ipomenout.Budou se v\u00e1m l\u00e9pe balit v\u011bci \u2013 balen\u00ed v\u011bc\u00ed do krabic \u010di balen\u00ed n\u00e1bytku do tenk\u00e9 f\u00f3lie je jednotv\u00e1rn\u00e1 a monot\u00f3nn\u00ed pr\u00e1ce, kter\u00e1 vy\u017eaduje \u010dast\u011bj\u0161\u00ed p\u0159est\u00e1vky, nejl\u00e9pe venku na \u010derstv\u00e9m vzduchu. Chce to zkr\u00e1tka vypadnout ven a podniknout n\u011bjak\u00fd v\u00fdlet, n\u00e1v\u0161t\u011bvu cukr\u00e1rny, proch\u00e1zku pod\u00e9l \u0159eky \u010di proj\u00ed\u017e\u010fku na kole. V zim\u011b je toto docela probl\u00e9m, nav\u00edc je brzy tma, a to tak\u00e9 p\u0159isp\u00edv\u00e1 sp\u00ed\u0161e k depres\u00edm, ne\u017e k radosti z pohybu. V l\u00e9t\u011b je zas p\u0159\u00edli\u0161 velk\u00e9 horko a pobyt venku je sp\u00ed\u0161e \u00fanavn\u00fd. Jaro a podzim jsou v tomto sm\u011bru naprosto ide\u00e1ln\u00ed.Bl\u00ed\u017e\u00ed se \u010das dovolen\u00fdch \u2013 st\u011bhov\u00e1n\u00ed na podzim a v zim\u011b m\u00e1 z hlediska psychologie hor\u0161\u00ed efekt, proto\u017ee je doba letn\u00ed dovolenkov\u00e9 sez\u00f3ny pom\u011brn\u011b daleko, a jedin\u00e9 voln\u00e9 dny, co v\u00e1s \u010dekaj\u00ed, jsou V\u00e1noce, Nov\u00fd rok a Velikonoce. Na konci kv\u011btna nebo v \u010dervnu je to mnohem veselej\u0161\u00ed, proto\u017ee v\u00edte, \u017ee \u010das dovolen\u00fdch je za dve\u0159mi, a to ute\u010de velmi rychle. Budete se moci t\u011b\u0161it na n\u011bco hezk\u00e9ho, co\u017e psychologicky pozved\u00e1 n\u00e1ladu a pom\u00e1h\u00e1 se zabydlov\u00e1n\u00edm na nov\u00e9m p\u016fsobi\u0161ti.Vezm\u011bte d\u011bti do ZOO \u2013 jarn\u00ed obdob\u00ed kvetouc\u00edch rostlin a o\u017eivuj\u00edc\u00ed p\u0159\u00edrody je kr\u00e1sn\u00e9 i v zoologick\u00fdch zahrad\u00e1ch a tak\u00e9 v botanick\u00fdch zahrad\u00e1ch. Pokud se st\u011bhujete i s d\u011btmi, b\u011b\u017ete s nimi n\u011bkolikr\u00e1t v pr\u016fb\u011bhu balen\u00ed v\u011bc\u00ed na prohl\u00eddky t\u011bchto are\u00e1l\u016f, uvid\u00edte, \u017ee to zvedne n\u00e1ladu i v\u00e1m samotn\u00fdm a pos\u00edl\u00ed v\u00e1s to v dal\u0161\u00ed p\u0159\u00edpravn\u00e9 f\u00e1zi na st\u011bhovac\u00ed proces.                                                                                                                                                                                                                                                                                                                                                                                                  "},{"@context":"https:\/\/schema.org\/","@type":"BreadcrumbList","itemListElement":[{"@type":"ListItem","position":1,"name":"St\u011bhov\u00e1n\u00ed na ja\u0159e je v\u00fdhodn\u011bj\u0161\u00ed","item":"https:\/\/www.flopi.cz\/stehovani-na-jare-je-vyhodnejsi\/#breadcrumbitem"}]}]