[{"@context":"https:\/\/schema.org\/","@type":"Article","@id":"https:\/\/www.flopi.cz\/sperk-pro-svadlenu\/#Article","mainEntityOfPage":"https:\/\/www.flopi.cz\/sperk-pro-svadlenu\/","headline":"\u0160perk pro \u0161vadlenu","name":"\u0160perk pro \u0161vadlenu","description":"Rozhodla jste se \u0161\u00edt a plnit \u017een\u00e1m jejich p\u0159\u00e1n\u00ed. M\u00e1te kr\u00e1sn\u00fd pl\u00e1n, d\u011blat \u017eeny \u0161\u0165astn\u00fdmi. Oble\u010den\u00ed je sice spot\u0159ebn\u00ed zbo\u017e\u00ed, ale pokud je oble\u010den\u00ed u\u0161it\u00e9 na m\u00edru, je to n\u011bco jin\u00e9ho. M\u016f\u017eete si vymyslet vlastni design a p\u0159\u00edmo v\u0161echny po\u017eadavky kter\u00e9 chcete probrat se \u0161vadlenou. Z\u00e1le\u017e\u00ed na v\u00e1s jak\u00fd budete cht\u00edt st\u0159ih, barvu, zda m\u00e1 [&hellip;]","datePublished":"2022-10-09","dateModified":"2023-05-02","author":{"@type":"Person","@id":"https:\/\/www.flopi.cz\/author\/#Person","name":"","url":"https:\/\/www.flopi.cz\/author\/","identifier":1,"image":{"@type":"ImageObject","@id":"https:\/\/secure.gravatar.com\/avatar\/ac70c9e5ac34d1687bd81eed3e0a5127e2920111fdfe832b53d740bc4b86c4fd?s=96&d=mm&r=g","url":"https:\/\/secure.gravatar.com\/avatar\/ac70c9e5ac34d1687bd81eed3e0a5127e2920111fdfe832b53d740bc4b86c4fd?s=96&d=mm&r=g","height":96,"width":96}},"publisher":{"@type":"Organization","name":"flopi.cz","logo":{"@type":"ImageObject","@id":"\/logo.png","url":"\/logo.png","width":600,"height":60}},"image":{"@type":"ImageObject","@id":"https:\/\/www.flopi.cz\/wp-content\/uploads\/N%C3%A4herin.jpeg","url":"https:\/\/www.flopi.cz\/wp-content\/uploads\/N%C3%A4herin.jpeg","height":0,"width":0},"url":"https:\/\/www.flopi.cz\/sperk-pro-svadlenu\/","about":["Zbo\u017e\u00ed"],"wordCount":421,"articleBody":"         Rozhodla jste se \u0161\u00edt a plnit \u017een\u00e1m jejich p\u0159\u00e1n\u00ed. M\u00e1te kr\u00e1sn\u00fd pl\u00e1n, d\u011blat \u017eeny \u0161\u0165astn\u00fdmi. Oble\u010den\u00ed je sice spot\u0159ebn\u00ed zbo\u017e\u00ed, ale pokud je oble\u010den\u00ed u\u0161it\u00e9 na m\u00edru, je to n\u011bco jin\u00e9ho. M\u016f\u017eete si vymyslet vlastni design a p\u0159\u00edmo v\u0161echny po\u017eadavky kter\u00e9 chcete probrat se \u0161vadlenou. Z\u00e1le\u017e\u00ed na v\u00e1s jak\u00fd budete cht\u00edt st\u0159ih, barvu, zda m\u00e1 m\u00edt oble\u010den\u00ed n\u011bjak\u00e9 zdoben\u00ed, nap\u0159\u00edklad krajku. To v\u0161e m\u016f\u017eete m\u00edt. Sta\u010d\u00ed si naj\u00edt kvalitn\u00ed a profesion\u00e1ln\u00ed \u0161vadlenu, kter\u00e1 v\u00e1m tohle v\u0161e vypln\u00ed. Ale te\u010f zp\u00e1tky na za\u010d\u00e1tek. Pokud jste odhodlan\u00e1 za\u010d\u00edt \u0161\u00edt, tak v\u00e1m ur\u010dit\u011b nesm\u00ed chyb\u011bt perfektn\u011b vybaven\u00e1 d\u00edln\u00e1, v kter\u00e9 se va\u0161e v\u00fdrobky budou vytv\u00e1\u0159et. Ur\u010dit\u011b mezi nejd\u016fle\u017eit\u011bj\u0161\u00edmi v\u011bcmi pat\u0159\u00ed kvalitn\u00ed \u0161ic\u00ed stroj, velk\u00fd pracovn\u00ed st\u016fl kde budete st\u0159\u00edhat l\u00e1tky. D\u00e1le budete pot\u0159ebovat \u0161irokou nab\u00eddku nit\u00ed k \u0161it\u00ed, budete pot\u0159ebovat dobr\u00e9 sv\u011btlo, ostr\u00e9 n\u016f\u017eky na st\u0159\u00edh\u00e1n\u00ed, spoustu jehel a dal\u0161\u00edho p\u0159\u00edslu\u0161enstv\u00ed bez kter\u00e9ho se samoz\u0159ejm\u011b neobejdete a bez k kter\u00e9ho nem\u016f\u017eete ani za\u010d\u00edt \u0161\u00edt. A co  by y jste je\u0161t\u011b pot\u0159ebovala? Nebo na \u010dem budete zkou\u0161et oble\u010den\u00ed jestli je dob\u0159e u\u0161it\u00e9. Bu\u010f to m\u016f\u017eete risknout a v\u011b\u0159it si na tolik, \u017ee oble\u010den\u00ed je spr\u00e1vn\u011b u\u0161it\u00e9 a nebo m\u016f\u017eete b\u00fdt pe\u010dliv\u00e1 a zakoupit si krej\u010dovskou pannu nastavitelnou https:\/\/www.prima-obchod.cz\/produkty\/textilni-galanterie\/krejcovske-potreby\/krejcovske-panny. Ano p\u0159esn\u011b tu postavu, kterou m\u016f\u017eete zahl\u00e9dnout v ka\u017ed\u00e9 prodejn\u011b s oble\u010den\u00edm, kde vystavuj\u00ed nov\u00e9 modely, nebo na r\u016fzn\u00fdch m\u00f3dn\u00edch p\u0159ehl\u00eddk\u00e1ch. A od jak \u017eiva se tak i pou\u017e\u00edvali, p\u0159edev\u0161\u00edm k \u0161it\u00ed a ur\u010dit\u011b by nem\u011bla v \u017e\u00e1dn\u00e9 takov\u00e9 v\u00fdrobn\u011b chyb\u011bt. A zde v obchod\u011b si m\u016f\u017eete vybrat pannu podle sv\u00e9 p\u0159edstavy a tak jak se v\u00e1m do d\u00edlny hod\u00ed. M\u016f\u017ee b\u00fdt kovov\u00e1, d\u0159ev\u011bn\u00e1, barevn\u011b je taky m\u016f\u017eete sladit. Bude p\u0159eci va\u0161\u00ed sou\u010d\u00e1st\u00ed, tak a\u0165 se v\u00e1m na n\u00ed pohodln\u011b pracuje. V e-shopu naraz\u00edte ne jen na krej\u010dovsk\u00e9 panny, ale i spoustu dal\u0161\u00edch v\u011bc\u00ed, kter\u00e9 by se v\u00e1m mohli hodit.                                                                                                                                                                                                                                                                                                                                                                                                   "},{"@context":"https:\/\/schema.org\/","@type":"BreadcrumbList","itemListElement":[{"@type":"ListItem","position":1,"name":"\u0160perk pro \u0161vadlenu","item":"https:\/\/www.flopi.cz\/sperk-pro-svadlenu\/#breadcrumbitem"}]}]